{"id":2214,"date":"2024-11-26T18:33:47","date_gmt":"2024-11-26T17:33:47","guid":{"rendered":"https:\/\/utr-cfdt-lille.fr\/?p=2214"},"modified":"2024-11-26T18:33:47","modified_gmt":"2024-11-26T17:33:47","slug":"le-serm-quest-ce-que-cest","status":"publish","type":"post","link":"https:\/\/utr-cfdt-lille.fr\/index.php\/2024\/11\/26\/le-serm-quest-ce-que-cest\/","title":{"rendered":"Le SERM qu&rsquo;est ce que c&rsquo;est ?"},"content":{"rendered":"<p>Le SERM c&rsquo;est le service express r\u00e9gional m\u00e9tropolitain !<\/p>\n<p>On pourra trouver <a href=\"https:\/\/www.ecologie.gouv.fr\/politiques-publiques\/services-express-regionaux-metropolitains-serm\">ici<\/a> un descriptif g\u00e9n\u00e9ral : \u00ab\u00a0<em>c&rsquo;est une offre de mobilit\u00e9 fiable, fr\u00e9quente et facile \u00e0 utiliser, au service des habitants de p\u00e9riph\u00e9rie des m\u00e9tropoles. Son objectif est d\u2019am\u00e9liorer la desserte entre une ville centre et sa zone p\u00e9riurbaine en renfor\u00e7ant l\u2019offre ferroviaire, et en la compl\u00e9tant par d\u2019autres modes, dont les services de transport routier \u00e0 haut niveau de service et les r\u00e9seaux cyclables<\/em>\u00ab\u00a0.<\/p>\n<p>Et <a href=\"https:\/\/serm-hauts-de-france.eu\/\">ici <\/a>celui de sa d\u00e9clinaison en Hauts-de-France : \u00ab\u00a0<em>c\u2019est d&rsquo;abord un renforcement de l\u2019offre de train et un d\u00e9veloppement de l\u2019offre de mobilit\u00e9 pour acc\u00e9der aux gares, pour rendre vos trajets plus efficaces, plus agr\u00e9ables, moins polluants. C&rsquo;est aussi l&rsquo;occasion de s&rsquo;interroger sur les quartiers de gare, les am\u00e9nagements et l&rsquo;intermodalit\u00e9<\/em>\u00ab\u00a0.<\/p>\n<p>Le 15 novembre \u00e0 l&rsquo;occasion d&rsquo;une r\u00e9union de leur conseil les retrait\u00e9s Transports-Equipement ont eu droit \u00e0 une <a href=\"https:\/\/utr-cfdt-lille.fr\/wp-content\/uploads\/2024\/11\/Presentation-SERM-HDF-imp.pdf\">pr\u00e9sentation <\/a>par Julien Taillez SG des cheminots CFDT !<\/p>\n<p>&nbsp;<\/p>\n<p>&nbsp;<\/p>\n","protected":false},"excerpt":{"rendered":"<p>Le SERM c&rsquo;est le service express r\u00e9gional m\u00e9tropolitain ! On pourra trouver ici un descriptif g\u00e9n\u00e9ral : \u00ab\u00a0c&rsquo;est une offre de mobilit\u00e9 fiable, fr\u00e9quente et facile \u00e0 utiliser, au service [&hellip;]<\/p>\n","protected":false},"author":15,"featured_media":0,"comment_status":"open","ping_status":"open","sticky":false,"template":"","format":"standard","meta":{"footnotes":"","_links_to":"","_links_to_target":""},"categories":[1],"tags":[],"class_list":["post-2214","post","type-post","status-publish","format-standard","hentry","category-non-classe"],"_links":{"self":[{"href":"https:\/\/utr-cfdt-lille.fr\/index.php\/wp-json\/wp\/v2\/posts\/2214","targetHints":{"allow":["GET"]}}],"collection":[{"href":"https:\/\/utr-cfdt-lille.fr\/index.php\/wp-json\/wp\/v2\/posts"}],"about":[{"href":"https:\/\/utr-cfdt-lille.fr\/index.php\/wp-json\/wp\/v2\/types\/post"}],"author":[{"embeddable":true,"href":"https:\/\/utr-cfdt-lille.fr\/index.php\/wp-json\/wp\/v2\/users\/15"}],"replies":[{"embeddable":true,"href":"https:\/\/utr-cfdt-lille.fr\/index.php\/wp-json\/wp\/v2\/comments?post=2214"}],"version-history":[{"count":1,"href":"https:\/\/utr-cfdt-lille.fr\/index.php\/wp-json\/wp\/v2\/posts\/2214\/revisions"}],"predecessor-version":[{"id":2215,"href":"https:\/\/utr-cfdt-lille.fr\/index.php\/wp-json\/wp\/v2\/posts\/2214\/revisions\/2215"}],"wp:attachment":[{"href":"https:\/\/utr-cfdt-lille.fr\/index.php\/wp-json\/wp\/v2\/media?parent=2214"}],"wp:term":[{"taxonomy":"category","embeddable":true,"href":"https:\/\/utr-cfdt-lille.fr\/index.php\/wp-json\/wp\/v2\/categories?post=2214"},{"taxonomy":"post_tag","embeddable":true,"href":"https:\/\/utr-cfdt-lille.fr\/index.php\/wp-json\/wp\/v2\/tags?post=2214"}],"curies":[{"name":"wp","href":"https:\/\/api.w.org\/{rel}","templated":true}]}}