{"id":1328,"date":"2023-04-21T18:49:23","date_gmt":"2023-04-21T16:49:23","guid":{"rendered":"https:\/\/utr-cfdt-lille.fr\/?p=1328"},"modified":"2023-04-21T18:54:21","modified_gmt":"2023-04-21T16:54:21","slug":"comment-organiser-sa-fin-de-vie-retour-sur-la-rencontre-du-27-03-23","status":"publish","type":"post","link":"https:\/\/utr-cfdt-lille.fr\/index.php\/2023\/04\/21\/comment-organiser-sa-fin-de-vie-retour-sur-la-rencontre-du-27-03-23\/","title":{"rendered":"\u00a0\u00ab\u00a0Comment organiser sa fin de vie ?\u00a0\u00bb retour sur la rencontre du 27\/03\/23."},"content":{"rendered":"<p><strong>Le 27 mars 2023, 73 adh\u00e9rents et invit\u00e9s de l&rsquo;UTR ML ont particip\u00e9 \u00e0 la rencontre\/d\u00e9bats sur le th\u00e8me \u00a0\u00bb comment organiser sa fin de <img decoding=\"async\" class=\" wp-image-1332 alignright\" src=\"https:\/\/utr-cfdt-lille.fr\/wp-content\/uploads\/2023\/04\/IMG_20230327_141100-169x300.jpg\" alt=\"\" width=\"92\" height=\"163\" srcset=\"https:\/\/utr-cfdt-lille.fr\/wp-content\/uploads\/2023\/04\/IMG_20230327_141100-169x300.jpg 169w, https:\/\/utr-cfdt-lille.fr\/wp-content\/uploads\/2023\/04\/IMG_20230327_141100-576x1024.jpg 576w, https:\/\/utr-cfdt-lille.fr\/wp-content\/uploads\/2023\/04\/IMG_20230327_141100-768x1365.jpg 768w, https:\/\/utr-cfdt-lille.fr\/wp-content\/uploads\/2023\/04\/IMG_20230327_141100-864x1536.jpg 864w, https:\/\/utr-cfdt-lille.fr\/wp-content\/uploads\/2023\/04\/IMG_20230327_141100-1152x2048.jpg 1152w, https:\/\/utr-cfdt-lille.fr\/wp-content\/uploads\/2023\/04\/IMG_20230327_141100-1320x2347.jpg 1320w, https:\/\/utr-cfdt-lille.fr\/wp-content\/uploads\/2023\/04\/IMG_20230327_141100-scaled.jpg 1440w\" sizes=\"(max-width: 92px) 100vw, 92px\" \/>vie ?\u00a0\u00bb. Ce th\u00e8me au c\u0153ur de l&rsquo;actualit\u00e9 justifie \u00e0 lui seul le nombre de participants.<\/strong><\/p>\n<p>L&rsquo;objectif de cette rencontre fix\u00e9 par le Conseil de l&rsquo;UTRML sur proposition de l&rsquo;\u00e9quipe de la commission d\u00e9veloppement, n\u2019\u00e9tait pas de tenter de se convaincre les uns les autres sur les solutions mais de s&rsquo;informer sur ce qui existe et sur ce qui est propos\u00e9.<\/p>\n<p>A<img fetchpriority=\"high\" decoding=\"async\" class=\"size-medium wp-image-1331 alignleft\" src=\"https:\/\/utr-cfdt-lille.fr\/wp-content\/uploads\/2023\/04\/P1000038-300x200.jpg\" alt=\"\" width=\"300\" height=\"200\" srcset=\"https:\/\/utr-cfdt-lille.fr\/wp-content\/uploads\/2023\/04\/P1000038-300x200.jpg 300w, https:\/\/utr-cfdt-lille.fr\/wp-content\/uploads\/2023\/04\/P1000038-1024x683.jpg 1024w, https:\/\/utr-cfdt-lille.fr\/wp-content\/uploads\/2023\/04\/P1000038-768x512.jpg 768w, https:\/\/utr-cfdt-lille.fr\/wp-content\/uploads\/2023\/04\/P1000038-1536x1024.jpg 1536w, https:\/\/utr-cfdt-lille.fr\/wp-content\/uploads\/2023\/04\/P1000038-2048x1365.jpg 2048w, https:\/\/utr-cfdt-lille.fr\/wp-content\/uploads\/2023\/04\/P1000038-1320x880.jpg 1320w\" sizes=\"(max-width: 300px) 100vw, 300px\" \/>insi, Nicolas SENA, m\u00e9decin \u00e0 l&rsquo;unit\u00e9 de soins palliatifs et pr\u00e9sident du CLUD<a href=\"#_ftn1\" name=\"_ftnref1\">[1]<\/a> (Comit\u00e9 de Lutte contre la Douleur) du Centre Hospitalier de Roubaix et Monique LADESOU, responsable d\u00e9partementale de l&rsquo;ADMD<a href=\"#_ftn2\" name=\"_ftnref2\">[2]<\/a> (Association pour le Droit de Mourir dans la Dignit\u00e9) accompagn\u00e9e de Francis VANLIERDE d\u00e9l\u00e9gu\u00e9 de l&rsquo;ADMD, nous ont fait une pr\u00e9sentation l&rsquo;un sur les soins palliatifs, l&rsquo;autre sur l\u2019AMAM (aide m\u00e9dicale active \u00e0 mourir).<\/p>\n<p>Nicolas SENA a d\u00e9velopp\u00e9 son intervention sur \u00ab\u00a0qu&rsquo;est-ce que la dignit\u00e9\u00a0\u00bb, pour conclure que \u00ab\u00a0respecter l&rsquo;\u00eatre humain, ce n&rsquo;est pas seulement de croire que l&rsquo;homme est digne parce qu&rsquo;il est homme, mais aussi de lui permettre, parce qu&rsquo;il est homme et donc digne, de vivre dans les conditions les plus dignes jusqu&rsquo;\u00e0 la fin\u00a0\u00bb. Vaste programme qui justifie son travail en soins palliatifs pour lequel il a d\u00e9crit son activit\u00e9.<\/p>\n<p>Monique LADESOU, rappelant la loi Clayes Leonetti de 2016 selon laquelle \u00ab <em>toute personne a le droit de recevoir une fin de vie digne et accompagn\u00e9e du meilleur apaisement de la souffrance <\/em>mais interdit aussi l&rsquo;obstination d\u00e9raisonnable, o\u00f9 les soins n&rsquo;auraient d&rsquo;autres effets que<em> le maintien artificiel de la vie.\u00a0\u00bb, <\/em>milite pour un droit du patient dans lequel sa volont\u00e9 doit \u00eatre prioritaire au diagnostic m\u00e9dical. L&rsquo;ADMD revendique un droit qui d\u00e9finisse l&rsquo;AMAM comme un soin pris en charge par notre syst\u00e8me de sant\u00e9.<\/p>\n<p>Les deux intervenants sont arriv\u00e9s \u00e0 la m\u00eame conclusion selon laquelle le syst\u00e8me de sant\u00e9 manque de moyens et qu&rsquo;un financement est <img decoding=\"async\" class=\" wp-image-1330 alignright\" src=\"https:\/\/utr-cfdt-lille.fr\/wp-content\/uploads\/2023\/04\/IMG_20230327_141108-300x169.jpg\" alt=\"\" width=\"424\" height=\"239\" srcset=\"https:\/\/utr-cfdt-lille.fr\/wp-content\/uploads\/2023\/04\/IMG_20230327_141108-300x169.jpg 300w, https:\/\/utr-cfdt-lille.fr\/wp-content\/uploads\/2023\/04\/IMG_20230327_141108-1024x576.jpg 1024w, https:\/\/utr-cfdt-lille.fr\/wp-content\/uploads\/2023\/04\/IMG_20230327_141108-768x432.jpg 768w, https:\/\/utr-cfdt-lille.fr\/wp-content\/uploads\/2023\/04\/IMG_20230327_141108-1536x864.jpg 1536w, https:\/\/utr-cfdt-lille.fr\/wp-content\/uploads\/2023\/04\/IMG_20230327_141108-2048x1152.jpg 2048w, https:\/\/utr-cfdt-lille.fr\/wp-content\/uploads\/2023\/04\/IMG_20230327_141108-1320x743.jpg 1320w\" sizes=\"(max-width: 424px) 100vw, 424px\" \/>n\u00e9cessaire pour une meilleure qualit\u00e9 de la fin de vie.<\/p>\n<p>Certes, ces \u00e9changes n&rsquo;ont pas d\u00e9bouch\u00e9 sur des propositions concr\u00e8tes mais apr\u00e8s les brillants expos\u00e9s des deux intervenants pourtant divis\u00e9s sur leurs solutions, les participants ont pu poser des questions sans \u00e9voquer leurs propres convictions, dans un climat serein et constructif. L&rsquo;objectif fix\u00e9 par l&rsquo;UTRML pour cette rencontre\/d\u00e9bats a donc \u00e9t\u00e9 atteint et le d\u00e9bat reste ouvert.<\/p>\n<p>Les participants ont pu poursuivre les \u00e9changes et \u00e9voquer leur situation personnelle autour d&rsquo;un gouter \u00e0 la fin de cette r\u00e9union.<\/p>\n<p><a href=\"#_ftnref1\" name=\"_ftn1\">[1]<\/a> <a href=\"http:\/\/www.ch-roubaix.fr\/nos-prises-en-charge-specialisees\/consultation-de-la-douleur\/\">http:\/\/www.ch-roubaix.fr\/nos-prises-en-charge-specialisees\/consultation-de-la-douleur\/<\/a><\/p>\n<p><a href=\"#_ftnref2\" name=\"_ftn2\">[2]<\/a> <a href=\"https:\/\/www.admd.net\/\">https:\/\/www.admd.net\/<\/a><\/p>\n","protected":false},"excerpt":{"rendered":"<p>Le 27 mars 2023, 73 adh\u00e9rents et invit\u00e9s de l&rsquo;UTR ML ont particip\u00e9 \u00e0 la rencontre\/d\u00e9bats sur le th\u00e8me \u00a0\u00bb comment organiser sa fin de vie ?\u00a0\u00bb. Ce th\u00e8me au [&hellip;]<\/p>\n","protected":false},"author":15,"featured_media":0,"comment_status":"open","ping_status":"open","sticky":false,"template":"","format":"standard","meta":{"footnotes":"","_links_to":"","_links_to_target":""},"categories":[1],"tags":[],"class_list":["post-1328","post","type-post","status-publish","format-standard","hentry","category-non-classe"],"_links":{"self":[{"href":"https:\/\/utr-cfdt-lille.fr\/index.php\/wp-json\/wp\/v2\/posts\/1328","targetHints":{"allow":["GET"]}}],"collection":[{"href":"https:\/\/utr-cfdt-lille.fr\/index.php\/wp-json\/wp\/v2\/posts"}],"about":[{"href":"https:\/\/utr-cfdt-lille.fr\/index.php\/wp-json\/wp\/v2\/types\/post"}],"author":[{"embeddable":true,"href":"https:\/\/utr-cfdt-lille.fr\/index.php\/wp-json\/wp\/v2\/users\/15"}],"replies":[{"embeddable":true,"href":"https:\/\/utr-cfdt-lille.fr\/index.php\/wp-json\/wp\/v2\/comments?post=1328"}],"version-history":[{"count":3,"href":"https:\/\/utr-cfdt-lille.fr\/index.php\/wp-json\/wp\/v2\/posts\/1328\/revisions"}],"predecessor-version":[{"id":1334,"href":"https:\/\/utr-cfdt-lille.fr\/index.php\/wp-json\/wp\/v2\/posts\/1328\/revisions\/1334"}],"wp:attachment":[{"href":"https:\/\/utr-cfdt-lille.fr\/index.php\/wp-json\/wp\/v2\/media?parent=1328"}],"wp:term":[{"taxonomy":"category","embeddable":true,"href":"https:\/\/utr-cfdt-lille.fr\/index.php\/wp-json\/wp\/v2\/categories?post=1328"},{"taxonomy":"post_tag","embeddable":true,"href":"https:\/\/utr-cfdt-lille.fr\/index.php\/wp-json\/wp\/v2\/tags?post=1328"}],"curies":[{"name":"wp","href":"https:\/\/api.w.org\/{rel}","templated":true}]}}