{"id":1015,"date":"2022-06-03T17:53:41","date_gmt":"2022-06-03T15:53:41","guid":{"rendered":"https:\/\/utr-cfdt-lille.fr\/?p=1015"},"modified":"2022-09-15T12:48:55","modified_gmt":"2022-09-15T10:48:55","slug":"la-cfdt-regionale-fete-ses-100-ans-le-14-octobre-2022","status":"publish","type":"post","link":"https:\/\/utr-cfdt-lille.fr\/index.php\/2022\/06\/03\/la-cfdt-regionale-fete-ses-100-ans-le-14-octobre-2022\/","title":{"rendered":"La CFDT r\u00e9gionale f\u00eate ses 100 ans le 14 octobre 2022"},"content":{"rendered":"<p><img decoding=\"async\" class=\" wp-image-1018 alignright\" src=\"https:\/\/utr-cfdt-lille.fr\/wp-content\/uploads\/2022\/06\/logo-CFDT-100-ans-fond-orange-890x530-1-300x179.png\" alt=\"\" width=\"273\" height=\"163\" srcset=\"https:\/\/utr-cfdt-lille.fr\/wp-content\/uploads\/2022\/06\/logo-CFDT-100-ans-fond-orange-890x530-1-300x179.png 300w, https:\/\/utr-cfdt-lille.fr\/wp-content\/uploads\/2022\/06\/logo-CFDT-100-ans-fond-orange-890x530-1-768x457.png 768w, https:\/\/utr-cfdt-lille.fr\/wp-content\/uploads\/2022\/06\/logo-CFDT-100-ans-fond-orange-890x530-1.png 890w\" sizes=\"(max-width: 273px) 100vw, 273px\" \/>Le 14 octobre 2022, la CFDT r\u00e9gionale f\u00eatera ses 100 ans d&rsquo;existence &#8230; avec un peu de retard (la cr\u00e9ation date d&rsquo;avril 1920) mais COVID oblige.<\/p>\n<p>Plus d&rsquo;informations sur le contenu, les horaires, le lieu et vous inscrire avec le lien qui se trouve dans ce <a href=\"http:\/\/mb-01-mail.net\/t.htm?u=\/e\/3\/53504\/189\/8066\/r16mevzuvozjbajmhvhbopyziouvufpmeio\/r.aspx\"><strong>document <\/strong><\/a><\/p>\n<p>&nbsp;<\/p>\n","protected":false},"excerpt":{"rendered":"<p>Le 14 octobre 2022, la CFDT r\u00e9gionale f\u00eatera ses 100 ans d&rsquo;existence &#8230; avec un peu de retard (la cr\u00e9ation date d&rsquo;avril 1920) mais COVID oblige. Plus d&rsquo;informations sur le [&hellip;]<\/p>\n","protected":false},"author":15,"featured_media":0,"comment_status":"open","ping_status":"open","sticky":false,"template":"","format":"standard","meta":{"footnotes":"","_links_to":"","_links_to_target":""},"categories":[18,1],"tags":[],"class_list":["post-1015","post","type-post","status-publish","format-standard","hentry","category-actualites","category-non-classe"],"_links":{"self":[{"href":"https:\/\/utr-cfdt-lille.fr\/index.php\/wp-json\/wp\/v2\/posts\/1015","targetHints":{"allow":["GET"]}}],"collection":[{"href":"https:\/\/utr-cfdt-lille.fr\/index.php\/wp-json\/wp\/v2\/posts"}],"about":[{"href":"https:\/\/utr-cfdt-lille.fr\/index.php\/wp-json\/wp\/v2\/types\/post"}],"author":[{"embeddable":true,"href":"https:\/\/utr-cfdt-lille.fr\/index.php\/wp-json\/wp\/v2\/users\/15"}],"replies":[{"embeddable":true,"href":"https:\/\/utr-cfdt-lille.fr\/index.php\/wp-json\/wp\/v2\/comments?post=1015"}],"version-history":[{"count":3,"href":"https:\/\/utr-cfdt-lille.fr\/index.php\/wp-json\/wp\/v2\/posts\/1015\/revisions"}],"predecessor-version":[{"id":1074,"href":"https:\/\/utr-cfdt-lille.fr\/index.php\/wp-json\/wp\/v2\/posts\/1015\/revisions\/1074"}],"wp:attachment":[{"href":"https:\/\/utr-cfdt-lille.fr\/index.php\/wp-json\/wp\/v2\/media?parent=1015"}],"wp:term":[{"taxonomy":"category","embeddable":true,"href":"https:\/\/utr-cfdt-lille.fr\/index.php\/wp-json\/wp\/v2\/categories?post=1015"},{"taxonomy":"post_tag","embeddable":true,"href":"https:\/\/utr-cfdt-lille.fr\/index.php\/wp-json\/wp\/v2\/tags?post=1015"}],"curies":[{"name":"wp","href":"https:\/\/api.w.org\/{rel}","templated":true}]}}